{"id":315,"date":"2018-09-06T16:26:51","date_gmt":"2018-09-06T14:26:51","guid":{"rendered":"http:\/\/drdovagallery.krajeciprkna.cz\/?p=315"},"modified":"2019-08-25T18:14:12","modified_gmt":"2019-08-25T16:14:12","slug":"espejo-espejo","status":"publish","type":"post","link":"https:\/\/drdovagallery.com\/cs\/2018\/09\/06\/espejo-espejo\/","title":{"rendered":"Aleksandra Vajd, Jimena Mendoza"},"content":{"rendered":"<p>Galerie ji\u017e n\u011bkolik let pravideln\u011b vyv\u00edj\u00ed aktivity v\u00a0um\u011bleck\u00e9 metropoli Bruselu a\u00a0v\u00a0pr\u016fb\u011bhu z\u00e1\u0159\u00ed poprv\u00e9 p\u0159edstav\u00ed vlastn\u00ed v\u00fdstavn\u00ed prostor!<\/p>\n<p>V minul\u00fdch letech se galerie \u00fa\u010dastnila jednoho z nejv\u00fdznamn\u011bj\u0161\u00edch a nejstar\u0161\u00edch veletrh\u016f Art Brussels (2015, 2017, 2018) a\u00a0specializovan\u00e9ho veletrhu na kresbu Art on Paper\u00a0(2016), kde v\u017edy prezentovala nejaktu\u00e1ln\u011bj\u0161\u00ed mlad\u00e9 pozice sou\u010dasn\u00e9 \u010desk\u00e9 sc\u00e9ny. Galerie spole\u010dn\u011b s\u00a0teoretikem a\u00a0kur\u00e1torem V\u00e1clavem Jano\u0161\u010d\u00edkem organizovala tak\u00e9 v\u00fdstavu sou\u010dasn\u00e9 \u010desk\u00e9 a\u00a0slovensk\u00e9 fotografie v\u00a0r\u00e1mci bien\u00e1le fotografie Summer of Photography, kter\u00e9 po\u0159\u00e1d\u00e1 Pal\u00e1c kr\u00e1sn\u00fdch um\u011bn\u00ed v\u00a0Bruselu\u00a0(2016).<\/p>\n<p>LDG Brussels se nach\u00e1z\u00ed v galerii Ravenstein v\u00a0historick\u00e9m centru m\u011bsta v t\u011bsn\u00e9m sousedstv\u00ed Mont des Arts a\u00a0Pal\u00e1ce kr\u00e1sn\u00fdch um\u011bn\u00ed (BOZAR). Prvn\u00ed v\u00fdstava je v\u011bnov\u00e1na slovinsk\u00e9 um\u011blkyni Aleksand\u0159e Vajd a\u00a0mexick\u00e9 um\u011blkyni Jimen\u011b Mendoze, kter\u00e9 dlouhodob\u011b \u017eij\u00ed a\u00a0pracuj\u00ed v Praze, je\u017e p\u0159edstav\u00ed zcela nov\u00e9 spole\u010dn\u00e9 pr\u00e1ce. Kur\u00e1torkou v\u00fdstavy je Jana J. Haeckel. Slavnostn\u00ed otev\u0159en\u00ed nov\u00e9ho prostoru a\u00a0vernis\u00e1\u017e se uskute\u010dn\u00ed ve\u00a0st\u0159edu 5. z\u00e1\u0159\u00ed v\u00a018 hodin.<\/p>\n<p>Term\u00edn zah\u00e1jen\u00ed je z\u00e1m\u011brn\u011b spojen s\u00a0Brussels Gallery Weekend, kter\u00fd se kon\u00e1 od 6.\u00a0do\u00a09.\u00a0z\u00e1\u0159\u00ed, a\u00a0pro \u010deskou galerii tak p\u0159edstavuje jedine\u010dnou p\u0159\u00edle\u017eitost p\u0159edstavit se b\u011bhem t\u00e9to ud\u00e1losti v kontextu bruselsk\u00e9 galerijn\u00ed sc\u00e9ny.<\/p>","protected":false},"excerpt":{"rendered":"<p>Galerie ji\u017e n\u011bkolik let pravideln\u011b vyv\u00edj\u00ed aktivity v\u00a0um\u011bleck\u00e9 metropoli Bruselu a\u00a0v\u00a0pr\u016fb\u011bhu z\u00e1\u0159\u00ed poprv\u00e9 p\u0159edstav\u00ed vlastn\u00ed v\u00fdstavn\u00ed prostor! V minul\u00fdch letech [&hellip;]<\/p>\n","protected":false},"author":1,"featured_media":423,"comment_status":"closed","ping_status":"closed","sticky":false,"template":"","format":"standard","meta":{"_acf_changed":false,"footnotes":""},"categories":[19,4],"tags":[],"class_list":["post-315","post","type-post","status-publish","format-standard","has-post-thumbnail","hentry","category-exhibitions-homepage","category-exhibitions","wpautop"],"acf":[],"_links":{"self":[{"href":"https:\/\/drdovagallery.com\/cs\/wp-json\/wp\/v2\/posts\/315","targetHints":{"allow":["GET"]}}],"collection":[{"href":"https:\/\/drdovagallery.com\/cs\/wp-json\/wp\/v2\/posts"}],"about":[{"href":"https:\/\/drdovagallery.com\/cs\/wp-json\/wp\/v2\/types\/post"}],"author":[{"embeddable":true,"href":"https:\/\/drdovagallery.com\/cs\/wp-json\/wp\/v2\/users\/1"}],"replies":[{"embeddable":true,"href":"https:\/\/drdovagallery.com\/cs\/wp-json\/wp\/v2\/comments?post=315"}],"version-history":[{"count":12,"href":"https:\/\/drdovagallery.com\/cs\/wp-json\/wp\/v2\/posts\/315\/revisions"}],"predecessor-version":[{"id":1711,"href":"https:\/\/drdovagallery.com\/cs\/wp-json\/wp\/v2\/posts\/315\/revisions\/1711"}],"wp:featuredmedia":[{"embeddable":true,"href":"https:\/\/drdovagallery.com\/cs\/wp-json\/wp\/v2\/media\/423"}],"wp:attachment":[{"href":"https:\/\/drdovagallery.com\/cs\/wp-json\/wp\/v2\/media?parent=315"}],"wp:term":[{"taxonomy":"category","embeddable":true,"href":"https:\/\/drdovagallery.com\/cs\/wp-json\/wp\/v2\/categories?post=315"},{"taxonomy":"post_tag","embeddable":true,"href":"https:\/\/drdovagallery.com\/cs\/wp-json\/wp\/v2\/tags?post=315"}],"curies":[{"name":"wp","href":"https:\/\/api.w.org\/{rel}","templated":true}]}}